{"id":7806,"date":"2026-02-23T10:13:06","date_gmt":"2026-02-23T10:13:06","guid":{"rendered":"https:\/\/previntegral.com\/article_19\/formacio-riscos-generals-de-la-empresa-i-especifics-del-lloc-de-treball-art-19-operari-a-de-granja\/"},"modified":"2026-03-13T10:33:59","modified_gmt":"2026-03-13T10:33:59","slug":"formacion-sobre-riesgos-generales-de-la-empresa-y-riesgos-especificos-del-lugar-de-trabajo-articulo-19-operario-de-granja","status":"publish","type":"article_19","link":"https:\/\/previntegral.com\/es\/article_19\/formacio-riscos-generals-de-la-empresa-i-especifics-del-lloc-de-treball-art-19-operari-a-de-granja\/","title":{"rendered":"Operario de granja"},"template":"","class_list":["post-7806","article_19","type-article_19","status-publish","hentry"],"acf":{"titol":"Operari\/a de granja","descripcio":"Aquesta formaci\u00f3 est\u00e0 dirigida a donar compliment als articles 18 i 19 de la Llei de Prevenci\u00f3 de Riscos Laborals i est\u00e0 destinada a operaris\/es de granges i explotacions ramaderes.","objectius":"Donar compliment als articles 18 i 19 de la Llei de Prevenci\u00f3 de Riscos Laborals mitjan\u00e7ant l\u2019adquisici\u00f3, per part de les persones treballadores operaris\/es de granges i explotacions ramaderes i donar els coneixements preventius b\u00e0sics i generals i espec\u00edfics del lloc de treball , a nivell te\u00f2ric i que els permetin con\u00e8ixer el marc normatiu vigent en mat\u00e8ria de prevenci\u00f3 de riscos laborals, identificar els riscos associats al seu lloc de treball aix\u00ed com les mesures preventives i de protecci\u00f3 corresponents. Aix\u00ed mateix, es pret\u00e9n fomentar una cultura preventiva integrada en l\u2019activitat di\u00e0ria, facilitant les eines necess\u00e0ries per a la correcta aplicaci\u00f3 dels procediments preventius establerts en el pla de prevenci\u00f3 de riscos laborals, amb l\u2019objectiu de garantir unes condicions de treball segures i saludables.","continguts":"MARC NORMATIU: drets i Obligacions establerts a la Llei de Prevenci\u00f3 de Riscos Laborals (LPRL). Accident de treball vs malaltia professional\r\n\r\nDRETS I OBLIGACIONS DELS EMPRESARIS I TREBALLADORS\r\n\r\nRISCOS ESPEC\u00cdFICS I MESURES PREVENTIVES DEL LLOC DE TREBALL SEGURETAT EN EL TREBALL:\r\n( Caigudes a diferent nivell, Caigues al mateix nivell, Cops, talls i atrapaments, projecci\u00f3 de pat\u00edcules, contactes el\u00e8ctrics, acc\u00e9s a aespais confinats, accients causats per \u00e9ssers vius, EPIS ) HIGIENE INDUSTRIAL ( Ambient t\u00e9rmic, contaminants qu\u00edmics, risc biol\u00f2gic ) ERGONOMIA ( Manipulaci\u00f3 manula de c\u00e0rregues, postures for\u00e7ades i moviments repetitius ) PSICOSOCIOLOGIA APLICADA ( Factors de riscos psisocials: estr\u00e9s laboral, sindrome burnout, viol\u00e8ncia en el treball ) .\r\n\r\nMESURES D'EMERG\u00c8NCIA","imatge_del_curs_art_19":7805,"hores_article_19":2,"modalitat_article_19":"Aula Virtual","idioma_article_19":"Castell\u00e0"},"_links":{"self":[{"href":"https:\/\/previntegral.com\/es\/wp-json\/wp\/v2\/art19\/7806","targetHints":{"allow":["GET"]}}],"collection":[{"href":"https:\/\/previntegral.com\/es\/wp-json\/wp\/v2\/art19"}],"about":[{"href":"https:\/\/previntegral.com\/es\/wp-json\/wp\/v2\/types\/article_19"}],"wp:attachment":[{"href":"https:\/\/previntegral.com\/es\/wp-json\/wp\/v2\/media?parent=7806"}],"curies":[{"name":"WordPress","href":"https:\/\/api.w.org\/{rel}","templated":true}]}}